{"id":4975,"date":"2026-04-28T14:51:22","date_gmt":"2026-04-28T14:51:22","guid":{"rendered":"https:\/\/altmaesports.org\/?p=4975"},"modified":"2026-04-28T14:51:22","modified_gmt":"2026-04-28T14:51:22","slug":"altmaesports-leader-impulsa-el-desenvolupament-rural-a-els-ports-i-lalt-maestrat-amb-76-projectes-tramitats-en-2025","status":"publish","type":"post","link":"https:\/\/altmaesports.org\/ca\/altmaesports-leader-impulsa-el-desenvolupament-rural-a-els-ports-i-lalt-maestrat-amb-76-projectes-tramitats-en-2025\/","title":{"rendered":"Altmaesports Leader impulsa el desenvolupament rural a Els Ports i l\u2019Alt Maestrat amb 76 projectes tramitats en 2025"},"content":{"rendered":"<p>&#8211; El Grup d\u2019Acci\u00f3 Local consolida el seu paper com a agent clau contra la despoblaci\u00f3 amb noves ajudes, projectes de cooperaci\u00f3 i accions de dinamitzaci\u00f3 territorial<\/p>\n<p>El Grup d\u2019Acci\u00f3 Local Altmaesports Leader ha tancat l\u2019exercici 2025 amb una intensa activitat centrada en l\u2019impuls del desenvolupament rural, la dinamitzaci\u00f3 econ\u00f2mica i el suport a l\u2019emprenedoria a les comarques dels Ports i l\u2019Alt Maestrat. L\u2019entitat ha gestionat durant aquest per\u00edode un total de 76 sol\u00b7licituds d\u2019ajudes LEADER, consolidant el seu paper com a motor de creixement i cohesi\u00f3 territorial. Aquest balan\u00e7 anual ha sigut ratificat en l\u2019Assemblea General Ordin\u00e0ria del grup, celebrada al Centre Recreatiu de Cat\u00ed. Durant la sessi\u00f3, i seguint el que marquen els estatuts, s\u2019han aprovat per unanimitat la Mem\u00f2ria d\u2019Activitats i els Comptes Anuals de 2025, aix\u00ed com el Pla d\u2019Activitat i el Pressupost per a 2026.<\/p>\n<p>El territori d\u2019actuaci\u00f3 del grup abasta 22 municipis de les comarques dels Ports i l\u2019Alt Maestrat, on treballa amb l\u2019objectiu de millorar la qualitat de vida de la poblaci\u00f3, fomentar l\u2019ocupaci\u00f3 i promoure un desenvolupament equilibrat compatible amb la sostenibilitat ambiental.<\/p>\n<p>Fort impuls a les ajudes LEADER<\/p>\n<p>Durant 2025, marcat per l\u2019inici del nou per\u00edode de programaci\u00f3 2023-2027, Altmaesports Leader ha centrat gran part de la seua activitat en la gesti\u00f3 i promoci\u00f3 de les ajudes LEADER. La convocat\u00f2ria publicada al maig ha perm\u00e9s tramitar desenes de projectes, sent la l\u00ednia de millora d\u2019empreses no agr\u00edcoles la m\u00e9s demandada, seguida del \u201cTicket Rural\u201d i la creaci\u00f3 de noves empreses.<\/p>\n<p>A m\u00e9s, l\u2019equip t\u00e8cnic ha realitzat un intens treball d\u2019assessorament personalitzat a promotors, facilitant la tramitaci\u00f3 d\u2019ajudes i acostant aquest recurs a emprenedors i empreses del territori.<\/p>\n<p>Dinamitzaci\u00f3, formaci\u00f3 i proximitat<\/p>\n<p>Al llarg de l\u2019any, el grup ha desenvolupat diverses jornades informatives i de dinamitzaci\u00f3 en municipis com Vilafranca i Alboc\u00e0sser, amb l\u2019objectiu d\u2019explicar les noves l\u00ednies d\u2019ajuda i resoldre dubtes de la ciutadania. Aix\u00ed mateix, ha participat en trobades t\u00e8cniques i formatives a nivell auton\u00f2mic, refor\u00e7ant la coordinaci\u00f3 amb la Generalitat i altres grups d\u2019acci\u00f3 local, i millorant la capacitaci\u00f3 de l\u2019equip per a oferir un servei m\u00e9s efica\u00e7. El model de treball del GAL es basa en la proximitat, amb atenci\u00f3 directa a les seues seus de Cinctorres i la Torre d\u2019en Besora, facilitant l\u2019acc\u00e9s als serveis en un territori caracteritzat per la dispersi\u00f3 geogr\u00e0fica.<\/p>\n<p>Projectes de cooperaci\u00f3 per al futur rural<\/p>\n<p>Un dels pilars de l\u2019exercici ha sigut l\u2019impuls de projectes de cooperaci\u00f3 interterritorial. Entre ells destaca \u201cConecta Leader\u201d, que busca crear una xarxa de beneficiaris per a compartir experi\u00e8ncies i fomentar l\u2019emprenedoria, aix\u00ed com \u201cReviscolar \u2013 Cultura Leader\u201d, que uneix territoris de la Comunitat Valenciana, Arag\u00f3 i Catalunya per a potenciar la cultura com a motor de desenvolupament. Tamb\u00e9 s\u2019ha posat en marxa el projecte \u201cObservatori d\u2019Empresa Tur\u00edstica Sostenible 4.0\u201d, centrat en la digitalitzaci\u00f3 i sostenibilitat del sector tur\u00edstic rural.<\/p>\n<p>Comunicaci\u00f3 i visibilitat del territori<\/p>\n<p>En mat\u00e8ria de comunicaci\u00f3, Altmaesports Leader ha refor\u00e7at la seua pres\u00e8ncia amb la millora de la seua p\u00e0gina web, l\u2019impuls de les xarxes socials i una campanya a la r\u00e0dio provincial, on s\u2019han dif\u00f3s casos d\u2019\u00e8xit de projectes finan\u00e7ats. A m\u00e9s, el grup ha renovat la seua identitat corporativa sota el lema \u201cPortes obertes al teu futur\u201d, reflectint el seu paper com a acompanyant d\u2019iniciatives emprenedores i agent dinamitzador del territori.<\/p>\n<p>Comprom\u00eds amb l\u2019ocupaci\u00f3, la innovaci\u00f3 i la cohesi\u00f3 social<\/p>\n<p>Durant l\u2019any, el GAL tamb\u00e9 ha participat en f\u00f2rums d\u2019ocupaci\u00f3, jornades universit\u00e0ries i projectes d\u2019investigaci\u00f3, aix\u00ed com en iniciatives de suport al talent jove, com el programa de beques en col\u00b7laboraci\u00f3 amb la Universitat Jaume I. El balan\u00e7 de 2025 confirma la consolidaci\u00f3 d\u2019Altmaesports Leader com un actor clau en la lluita contra la despoblaci\u00f3, apostant per la innovaci\u00f3, l\u2019emprenedoria i la cooperaci\u00f3 com a ferramentes per a garantir el futur del medi rural.<\/p>\n","protected":false},"excerpt":{"rendered":"<p>&#8211; El Grup d\u2019Acci\u00f3 Local consolida el seu paper com [&hellip;]<\/p>\n","protected":false},"author":3,"featured_media":4976,"comment_status":"open","ping_status":"open","sticky":false,"template":"","format":"standard","meta":{"footnotes":""},"categories":[11],"tags":[248],"class_list":["post-4975","post","type-post","status-publish","format-standard","has-post-thumbnail","hentry","category-sin-categorizar","tag-altmaesports-leader-gal-ca"],"_links":{"self":[{"href":"https:\/\/altmaesports.org\/ca\/wp-json\/wp\/v2\/posts\/4975","targetHints":{"allow":["GET"]}}],"collection":[{"href":"https:\/\/altmaesports.org\/ca\/wp-json\/wp\/v2\/posts"}],"about":[{"href":"https:\/\/altmaesports.org\/ca\/wp-json\/wp\/v2\/types\/post"}],"author":[{"embeddable":true,"href":"https:\/\/altmaesports.org\/ca\/wp-json\/wp\/v2\/users\/3"}],"replies":[{"embeddable":true,"href":"https:\/\/altmaesports.org\/ca\/wp-json\/wp\/v2\/comments?post=4975"}],"version-history":[{"count":1,"href":"https:\/\/altmaesports.org\/ca\/wp-json\/wp\/v2\/posts\/4975\/revisions"}],"predecessor-version":[{"id":4978,"href":"https:\/\/altmaesports.org\/ca\/wp-json\/wp\/v2\/posts\/4975\/revisions\/4978"}],"wp:featuredmedia":[{"embeddable":true,"href":"https:\/\/altmaesports.org\/ca\/wp-json\/wp\/v2\/media\/4976"}],"wp:attachment":[{"href":"https:\/\/altmaesports.org\/ca\/wp-json\/wp\/v2\/media?parent=4975"}],"wp:term":[{"taxonomy":"category","embeddable":true,"href":"https:\/\/altmaesports.org\/ca\/wp-json\/wp\/v2\/categories?post=4975"},{"taxonomy":"post_tag","embeddable":true,"href":"https:\/\/altmaesports.org\/ca\/wp-json\/wp\/v2\/tags?post=4975"}],"curies":[{"name":"wp","href":"https:\/\/api.w.org\/{rel}","templated":true}]}}