{"id":3913,"date":"2024-12-16T14:25:09","date_gmt":"2024-12-16T14:25:09","guid":{"rendered":"https:\/\/reverent-galileo.82-223-107-92.plesk.page\/altmaesports-posa-en-marxa-lestrategia-de-desenvolupament-participatiu-per-al-periode-2023-2027\/"},"modified":"2024-12-16T14:26:24","modified_gmt":"2024-12-16T14:26:24","slug":"altmaesports-posa-en-marxa-lestrategia-de-desenvolupament-participatiu-per-al-periode-2023-2027","status":"publish","type":"post","link":"https:\/\/altmaesports.org\/ca\/altmaesports-posa-en-marxa-lestrategia-de-desenvolupament-participatiu-per-al-periode-2023-2027\/","title":{"rendered":"<strong>Altmaesports posa en marxa l&#8217;Estrat\u00e8gia de Desenvolupament Participatiu per al per\u00edode 2023-2027<\/strong>"},"content":{"rendered":"\n<p>Altmaesports, el Grup d&#8217;Acci\u00f3 Local que aglutina als pobles dels Ports i l&#8217;Alt Maestrat ha posat en marxa l&#8217;Estrat\u00e8gia de Desenvolupament Local 2023-2027. Per a aix\u00f2 ha convocat dues jornades de participaci\u00f3 ciutadana en la qual ha convidat a tota la societat civil dels pobles de totes dos comarques.<\/p>\n\n\n\n<p>Les sessions se celebraran el dimarts 1 d&#8217;agost en l&#8217;Oficina Comarcal Agr\u00e0ria, situada a la F\u00e0brica Giner de Morella i el dijous 3 d&#8217;agost a l&#8217;Ajuntament de La Torre&nbsp;d&#8217;En Besora. Mitjan\u00e7ant les reunions s&#8217;obtindr\u00e0 informaci\u00f3 rellevant sobre la visi\u00f3, l&#8217;experi\u00e8ncia, les inquietuds o les necessitats de les persones del territori rural. Amb la recopilaci\u00f3 d&#8217;aquest coneixement es gestionaran d&#8217;una manera m\u00e9s efica\u00e7 les ajudes procedents de la Uni\u00f3 Europea per a aconseguir el major \u00edndex d&#8217;\u00e8xit possible.<\/p>\n\n\n\n<p>&#8220;Malgrat l&#8217;\u00e8xit de les campanyes passades, hem de continuar creixent. Volem distribuir efica\u00e7ment els fons i recursos, i aconseguir que les dues comarques i els seus ve\u00efns i ve\u00efnes continuen creixent i desenvolupant-se. La seva opini\u00f3 i coneixement \u00e9s de gran utilitat. Per aix\u00f2, demanem que s&#8217;apropen a les reunions i aconseguirem crear una estrat\u00e8gia participativa que comprenga totes les arestes possibles i comprendre tots els casos&#8221;, ha explicat el gerent d&#8217;Altmaesports, Jos\u00e9 Antonio Cruz.<\/p>\n\n\n\n<p>En aquest sentit, des del GAL Altmaesports es posa de manifest que la veu del poble \u00e9s necess\u00e0ria i indispensable per a contribuir en el nou per\u00edode LEADER 2023-2027 que s&#8217;iniciar\u00e0 pr\u00f2ximament. &#8220;Comer\u00e7os, aut\u00f2noms, xicotetes i mitjanes empreses de qualsevol sector, pol\u00edtics o representants de qualsevol estrat social s\u00f3n fonamentals per a l&#8217;Estrat\u00e8gia de Desenvolupament. Els convidem i volem que se senten part\u00edcips d&#8217;aquest projecte, que pot repartir inversi\u00f3 i, per tant, m\u00e9s beneficis, ocupaci\u00f3 i l&#8217;inici d&#8217;un creixement econ\u00f2mic i social que no volem que pare mai&#8221;, explica el president del GAL, David Vicente.<\/p>\n\n\n\n<p>&#8211; Altmaesports reparteix 224.000 euros en l&#8217;\u00faltima campanya<\/p>\n\n\n\n<p>En aquest mateix mes de juliol, la junta directiva del Grup d&#8217;Acci\u00f3 Local Altmaesports va proposar el pagament de 224.000 euros per a 17 projectes, finan\u00e7ats mitjan\u00e7ant les ajudes LEADER. Per al pr\u00f2xim per\u00edode LEADER, fins al 2027, el GAL s&#8217;ha presentat com a candidat a obtenir ajudes.<\/p>\n\n\n\n<p>&#8211; 48 socis formen Altmaesports<\/p>\n\n\n\n<p>Altmaesports est\u00e0 integrat per 48 socis, dels quals 25 s\u00f3n organismes p\u00fablics com a Ajuntaments o Mancomunitats de l\u2019Alt Maestrat i Els Ports; i la resta dels 23 s\u00f3n socis&nbsp;privats.<\/p>\n","protected":false},"excerpt":{"rendered":"<p>Altmaesports, el Grup d&#8217;Acci\u00f3 Local que aglutina als pobles dels [&hellip;]<\/p>\n","protected":false},"author":1,"featured_media":3275,"comment_status":"open","ping_status":"open","sticky":false,"template":"","format":"standard","meta":{"footnotes":""},"categories":[11],"tags":[],"class_list":["post-3913","post","type-post","status-publish","format-standard","has-post-thumbnail","hentry","category-sin-categorizar"],"_links":{"self":[{"href":"https:\/\/altmaesports.org\/ca\/wp-json\/wp\/v2\/posts\/3913","targetHints":{"allow":["GET"]}}],"collection":[{"href":"https:\/\/altmaesports.org\/ca\/wp-json\/wp\/v2\/posts"}],"about":[{"href":"https:\/\/altmaesports.org\/ca\/wp-json\/wp\/v2\/types\/post"}],"author":[{"embeddable":true,"href":"https:\/\/altmaesports.org\/ca\/wp-json\/wp\/v2\/users\/1"}],"replies":[{"embeddable":true,"href":"https:\/\/altmaesports.org\/ca\/wp-json\/wp\/v2\/comments?post=3913"}],"version-history":[{"count":1,"href":"https:\/\/altmaesports.org\/ca\/wp-json\/wp\/v2\/posts\/3913\/revisions"}],"predecessor-version":[{"id":3914,"href":"https:\/\/altmaesports.org\/ca\/wp-json\/wp\/v2\/posts\/3913\/revisions\/3914"}],"wp:featuredmedia":[{"embeddable":true,"href":"https:\/\/altmaesports.org\/ca\/wp-json\/wp\/v2\/media\/3275"}],"wp:attachment":[{"href":"https:\/\/altmaesports.org\/ca\/wp-json\/wp\/v2\/media?parent=3913"}],"wp:term":[{"taxonomy":"category","embeddable":true,"href":"https:\/\/altmaesports.org\/ca\/wp-json\/wp\/v2\/categories?post=3913"},{"taxonomy":"post_tag","embeddable":true,"href":"https:\/\/altmaesports.org\/ca\/wp-json\/wp\/v2\/tags?post=3913"}],"curies":[{"name":"wp","href":"https:\/\/api.w.org\/{rel}","templated":true}]}}