{"id":3792,"date":"2024-12-16T14:24:23","date_gmt":"2024-12-16T14:24:23","guid":{"rendered":"https:\/\/reverent-galileo.82-223-107-92.plesk.page\/altmaesports-i-luji-realitzen-un-estudi-conjunt-per-a-coneixer-la-qualitat-de-vida-del-mon-rural\/"},"modified":"2024-12-16T14:26:07","modified_gmt":"2024-12-16T14:26:07","slug":"altmaesports-i-luji-realitzen-un-estudi-conjunt-per-a-coneixer-la-qualitat-de-vida-del-mon-rural","status":"publish","type":"post","link":"https:\/\/altmaesports.org\/ca\/altmaesports-i-luji-realitzen-un-estudi-conjunt-per-a-coneixer-la-qualitat-de-vida-del-mon-rural\/","title":{"rendered":"Altmaesports i l\u2019UJI realitzen un estudi conjunt per a con\u00e9ixer la qualitat de vida del m\u00f3n rural"},"content":{"rendered":"\n<p>El Grup d\u2019Acci\u00f3 Local (GAL) Altmaesports Leader, juntament amb els altres quatre GAL de la prov\u00edncia de Castell\u00f3, s\u2019ha unit a la Universitat Jaume I, UJI, per a realitzar un estudi sobre la realitat dels pobles rurals de Castell\u00f3. Amb el treball es busca avaluar la qualitat de vida dels ve\u00efnes i ve\u00efnes de les zones rurals, aix\u00ed com el seu sentiment de pertinen\u00e7a.<\/p>\n\n\n\n<p>L\u2019objectiu final de l\u2019estudi, pioner a la prov\u00edncia, \u00e9s impulsar noves oportunitats de futur, millorar la qualitat de vida, generar incentius i facilitats per a evitar la despoblaci\u00f3 del m\u00f3n rural.<\/p>\n\n\n\n<p>D\u2019aquesta manera, una vegada ha finalitzat el treball de camp, en el territori del GAL Altmaesports Leader s\u2019han realitzat 100 entrevistes. Aix\u00ed mateix, el passat 5 de novembre es va dur a terme la primera reuni\u00f3 per a enfocar l\u2019informe final que s\u2019espera tindre acabat a la fi d\u2019aquest mateix mes. Indicar que l\u2019informe final de l\u2019UJI i els cinc GAL de la prov\u00edncia de Castell\u00f3 estar\u00e0 finalitzat al gener de 2021.<\/p>\n\n\n\n<p>En conjunt, s\u2019han distribu\u00eft 650 enquestes per la prov\u00edncia amb 25 preguntes cadascuna sobre el sentiment de benestar, la mobilitat, la qualitat de vida o el coneixement dels GAL entre altres. La intenci\u00f3 de l\u2019UJI i els GAL \u00e9s elaborar enquestes anuals per a mesurar l\u2019evoluci\u00f3 dels indicadors utilitzats i poder afinar les estrat\u00e8gies de desenvolupament dels Grups d\u2019Acci\u00f3 Local i els ajuntaments associats a ells.<\/p>\n\n\n\n<p>Assenyalar que el treball s\u2019est\u00e0 realitzant en el Departament de Filosofia i Sociologia de l\u2019UJI, dirigit per Domingo Garc\u00eda Marz\u00e0, i est\u00e0 encap\u00e7alat pel professor Xavier Gin\u00e9s, que forma equip amb l\u2019investigador Vicent Querol i la professora Emma G\u00f3mez, integrants del Grup d\u2019investigaci\u00f3 DESiRES.<\/p>\n","protected":false},"excerpt":{"rendered":"<p>El Grup d\u2019Acci\u00f3 Local (GAL) Altmaesports Leader, juntament amb els [&hellip;]<\/p>\n","protected":false},"author":1,"featured_media":2736,"comment_status":"open","ping_status":"open","sticky":false,"template":"","format":"standard","meta":{"footnotes":""},"categories":[11],"tags":[],"class_list":["post-3792","post","type-post","status-publish","format-standard","has-post-thumbnail","hentry","category-sin-categorizar"],"_links":{"self":[{"href":"https:\/\/altmaesports.org\/ca\/wp-json\/wp\/v2\/posts\/3792","targetHints":{"allow":["GET"]}}],"collection":[{"href":"https:\/\/altmaesports.org\/ca\/wp-json\/wp\/v2\/posts"}],"about":[{"href":"https:\/\/altmaesports.org\/ca\/wp-json\/wp\/v2\/types\/post"}],"author":[{"embeddable":true,"href":"https:\/\/altmaesports.org\/ca\/wp-json\/wp\/v2\/users\/1"}],"replies":[{"embeddable":true,"href":"https:\/\/altmaesports.org\/ca\/wp-json\/wp\/v2\/comments?post=3792"}],"version-history":[{"count":1,"href":"https:\/\/altmaesports.org\/ca\/wp-json\/wp\/v2\/posts\/3792\/revisions"}],"predecessor-version":[{"id":3793,"href":"https:\/\/altmaesports.org\/ca\/wp-json\/wp\/v2\/posts\/3792\/revisions\/3793"}],"wp:featuredmedia":[{"embeddable":true,"href":"https:\/\/altmaesports.org\/ca\/wp-json\/wp\/v2\/media\/2736"}],"wp:attachment":[{"href":"https:\/\/altmaesports.org\/ca\/wp-json\/wp\/v2\/media?parent=3792"}],"wp:term":[{"taxonomy":"category","embeddable":true,"href":"https:\/\/altmaesports.org\/ca\/wp-json\/wp\/v2\/categories?post=3792"},{"taxonomy":"post_tag","embeddable":true,"href":"https:\/\/altmaesports.org\/ca\/wp-json\/wp\/v2\/tags?post=3792"}],"curies":[{"name":"wp","href":"https:\/\/api.w.org\/{rel}","templated":true}]}}