{"id":3722,"date":"2024-12-16T14:24:30","date_gmt":"2024-12-16T14:24:30","guid":{"rendered":"https:\/\/reverent-galileo.82-223-107-92.plesk.page\/altmaesports-informa-de-les-ajudes-leader-en-la-fira-de-la-tofona-de-cati\/"},"modified":"2024-12-16T14:26:15","modified_gmt":"2024-12-16T14:26:15","slug":"altmaesports-informa-de-les-ajudes-leader-en-la-fira-de-la-tofona-de-cati","status":"publish","type":"post","link":"https:\/\/altmaesports.org\/ca\/altmaesports-informa-de-les-ajudes-leader-en-la-fira-de-la-tofona-de-cati\/","title":{"rendered":"Altmaesports\u00a0informa de les ajudes\u00a0Leader\u00a0en la fira de la t\u00f2fona de Cat\u00ed"},"content":{"rendered":"\n<p>El Grup d&#8217;Acci\u00f3 Local Altmaesports va estar present el passat cap de setmana en la fira gastron\u00f2mica de la t\u00f2fona celebrada a Cat\u00ed. El GAL, que treballa amb municipis dels Ports i l&#8217;Alt Maestrat, va estar present amb una taula informativa per a donar consells i ajuda a tots aquells empresaris i emprenedors interessats.<\/p>\n\n\n\n<p>Cal ressaltar que el termini de presentaci\u00f3 de sol\u00b7licituds de la segona fase d&#8217;Ajudes Leader finalitza el 28 de febrer. Aix\u00ed mateix, Altmaesports col\u00b7labora amb els centres CEDES per a oferir xarrades i tallers centrats en els models de sol\u00b7licitud de les Ajudes, temps i formes.<\/p>\n","protected":false},"excerpt":{"rendered":"<p>El Grup d&#8217;Acci\u00f3 Local Altmaesports va estar present el passat [&hellip;]<\/p>\n","protected":false},"author":1,"featured_media":3087,"comment_status":"open","ping_status":"open","sticky":false,"template":"","format":"standard","meta":{"footnotes":""},"categories":[11],"tags":[],"class_list":["post-3722","post","type-post","status-publish","format-standard","has-post-thumbnail","hentry","category-sin-categorizar"],"_links":{"self":[{"href":"https:\/\/altmaesports.org\/ca\/wp-json\/wp\/v2\/posts\/3722","targetHints":{"allow":["GET"]}}],"collection":[{"href":"https:\/\/altmaesports.org\/ca\/wp-json\/wp\/v2\/posts"}],"about":[{"href":"https:\/\/altmaesports.org\/ca\/wp-json\/wp\/v2\/types\/post"}],"author":[{"embeddable":true,"href":"https:\/\/altmaesports.org\/ca\/wp-json\/wp\/v2\/users\/1"}],"replies":[{"embeddable":true,"href":"https:\/\/altmaesports.org\/ca\/wp-json\/wp\/v2\/comments?post=3722"}],"version-history":[{"count":1,"href":"https:\/\/altmaesports.org\/ca\/wp-json\/wp\/v2\/posts\/3722\/revisions"}],"predecessor-version":[{"id":3724,"href":"https:\/\/altmaesports.org\/ca\/wp-json\/wp\/v2\/posts\/3722\/revisions\/3724"}],"wp:featuredmedia":[{"embeddable":true,"href":"https:\/\/altmaesports.org\/ca\/wp-json\/wp\/v2\/media\/3087"}],"wp:attachment":[{"href":"https:\/\/altmaesports.org\/ca\/wp-json\/wp\/v2\/media?parent=3722"}],"wp:term":[{"taxonomy":"category","embeddable":true,"href":"https:\/\/altmaesports.org\/ca\/wp-json\/wp\/v2\/categories?post=3722"},{"taxonomy":"post_tag","embeddable":true,"href":"https:\/\/altmaesports.org\/ca\/wp-json\/wp\/v2\/tags?post=3722"}],"curies":[{"name":"wp","href":"https:\/\/api.w.org\/{rel}","templated":true}]}}