{"id":3695,"date":"2024-12-16T14:24:30","date_gmt":"2024-12-16T14:24:30","guid":{"rendered":"https:\/\/reverent-galileo.82-223-107-92.plesk.page\/reunio-dels-grups-daccio-local\/"},"modified":"2024-12-16T14:26:17","modified_gmt":"2024-12-16T14:26:17","slug":"reunio-dels-grups-daccio-local","status":"publish","type":"post","link":"https:\/\/altmaesports.org\/ca\/reunio-dels-grups-daccio-local\/","title":{"rendered":"Reuni\u00f3 dels grups d\u2019Acci\u00f3 Local"},"content":{"rendered":"\n<p>Tots els gerents i Responsables Administratius i Financers (RAF) dels cinc grups d\u2019Acci\u00f3 Local (GAL) de la prov\u00edncia pertanyents a Fedectas s\u2019ha reunit per a con\u00e8ixer les formes de treball de cadascun i unificar-les en un \u00fanic model.<\/p>\n\n\n\n<p>Aix\u00ed, segons ha assenyalat Jos\u00e9 Antonio Cruz, gerent d\u2019Altmaesports, la reuni\u00f3 va servir per a unificar criteris i que cada GAL adopte les mateixes formes d\u2019actuaci\u00f3 i hi haja una coordinaci\u00f3 i coher\u00e8ncia a l\u2019hora de realitzar els tr\u00e0mits, de manera que tots complisquen uns mateixos models.<\/p>\n","protected":false},"excerpt":{"rendered":"<p>Tots els gerents i Responsables Administratius i Financers (RAF) dels [&hellip;]<\/p>\n","protected":false},"author":1,"featured_media":3060,"comment_status":"open","ping_status":"open","sticky":false,"template":"","format":"standard","meta":{"footnotes":""},"categories":[11],"tags":[],"class_list":["post-3695","post","type-post","status-publish","format-standard","has-post-thumbnail","hentry","category-sin-categorizar"],"_links":{"self":[{"href":"https:\/\/altmaesports.org\/ca\/wp-json\/wp\/v2\/posts\/3695","targetHints":{"allow":["GET"]}}],"collection":[{"href":"https:\/\/altmaesports.org\/ca\/wp-json\/wp\/v2\/posts"}],"about":[{"href":"https:\/\/altmaesports.org\/ca\/wp-json\/wp\/v2\/types\/post"}],"author":[{"embeddable":true,"href":"https:\/\/altmaesports.org\/ca\/wp-json\/wp\/v2\/users\/1"}],"replies":[{"embeddable":true,"href":"https:\/\/altmaesports.org\/ca\/wp-json\/wp\/v2\/comments?post=3695"}],"version-history":[{"count":1,"href":"https:\/\/altmaesports.org\/ca\/wp-json\/wp\/v2\/posts\/3695\/revisions"}],"predecessor-version":[{"id":3697,"href":"https:\/\/altmaesports.org\/ca\/wp-json\/wp\/v2\/posts\/3695\/revisions\/3697"}],"wp:featuredmedia":[{"embeddable":true,"href":"https:\/\/altmaesports.org\/ca\/wp-json\/wp\/v2\/media\/3060"}],"wp:attachment":[{"href":"https:\/\/altmaesports.org\/ca\/wp-json\/wp\/v2\/media?parent=3695"}],"wp:term":[{"taxonomy":"category","embeddable":true,"href":"https:\/\/altmaesports.org\/ca\/wp-json\/wp\/v2\/categories?post=3695"},{"taxonomy":"post_tag","embeddable":true,"href":"https:\/\/altmaesports.org\/ca\/wp-json\/wp\/v2\/tags?post=3695"}],"curies":[{"name":"wp","href":"https:\/\/api.w.org\/{rel}","templated":true}]}}