{"id":3693,"date":"2024-12-16T14:24:30","date_gmt":"2024-12-16T14:24:30","guid":{"rendered":"https:\/\/reverent-galileo.82-223-107-92.plesk.page\/el-programa-leader-com-a-eina-contra-la-despoblacio\/"},"modified":"2024-12-16T14:26:17","modified_gmt":"2024-12-16T14:26:17","slug":"el-programa-leader-com-a-eina-contra-la-despoblacio","status":"publish","type":"post","link":"https:\/\/altmaesports.org\/ca\/el-programa-leader-com-a-eina-contra-la-despoblacio\/","title":{"rendered":"El programa Leader com a eina contra la despoblaci\u00f3"},"content":{"rendered":"\n<p>El pr\u00f2xim 17 d\u2019octubre es dur\u00e0 a terme en l\u2019hotel NH Mindoro de Castell\u00f3 el seminari \u201cEl programa Leader com un instrument \u00fatil per a lluitar contra el despoblament en les zones rurals\u201d en el qual participar\u00e0 el grup d\u2019Acci\u00f3 Local Altmaesports.<\/p>\n\n\n\n<p>Aix\u00ed, a les 10.00 hores, despr\u00e9s de l\u2019acte d\u2019inauguraci\u00f3, tindr\u00e0 lloc la presentaci\u00f3 d\u2019 \u201cExperi\u00e8ncia Leader\u201d en el qual es presentar\u00e0 el projecte de suport a les iniciatives de repoblaci\u00f3 i emprenedurisme AIRE. A continuaci\u00f3, a les 11.15 hores, presentaci\u00f3 i debat del document de proposta de lluita contra el despoblament de la xarxa estatal de desenvolupament rural Leader.<\/p>\n\n\n\n<p>Despr\u00e9s de la pausa per al caf\u00e8, a les 12.15 hores arribar\u00e0 la conferencia \u201cExperi\u00e8ncies i processos d\u2019integraci\u00f3 d\u2019emigrants en els territoris i pobles rurals\u201d i a les 13.00 hores hi haur\u00e0 una taula redona en la qual participaran els diferents grups d\u2019Acci\u00f3 Local de la Comunitat Valenciana en la qual es tractaran diferents temes sobre la lluita contra el despoblament de les \u00e0rees rurals.<\/p>\n","protected":false},"excerpt":{"rendered":"<p>El pr\u00f2xim 17 d\u2019octubre es dur\u00e0 a terme en l\u2019hotel [&hellip;]<\/p>\n","protected":false},"author":1,"featured_media":2736,"comment_status":"open","ping_status":"open","sticky":false,"template":"","format":"standard","meta":{"footnotes":""},"categories":[11],"tags":[],"class_list":["post-3693","post","type-post","status-publish","format-standard","has-post-thumbnail","hentry","category-sin-categorizar"],"_links":{"self":[{"href":"https:\/\/altmaesports.org\/ca\/wp-json\/wp\/v2\/posts\/3693","targetHints":{"allow":["GET"]}}],"collection":[{"href":"https:\/\/altmaesports.org\/ca\/wp-json\/wp\/v2\/posts"}],"about":[{"href":"https:\/\/altmaesports.org\/ca\/wp-json\/wp\/v2\/types\/post"}],"author":[{"embeddable":true,"href":"https:\/\/altmaesports.org\/ca\/wp-json\/wp\/v2\/users\/1"}],"replies":[{"embeddable":true,"href":"https:\/\/altmaesports.org\/ca\/wp-json\/wp\/v2\/comments?post=3693"}],"version-history":[{"count":1,"href":"https:\/\/altmaesports.org\/ca\/wp-json\/wp\/v2\/posts\/3693\/revisions"}],"predecessor-version":[{"id":3694,"href":"https:\/\/altmaesports.org\/ca\/wp-json\/wp\/v2\/posts\/3693\/revisions\/3694"}],"wp:featuredmedia":[{"embeddable":true,"href":"https:\/\/altmaesports.org\/ca\/wp-json\/wp\/v2\/media\/2736"}],"wp:attachment":[{"href":"https:\/\/altmaesports.org\/ca\/wp-json\/wp\/v2\/media?parent=3693"}],"wp:term":[{"taxonomy":"category","embeddable":true,"href":"https:\/\/altmaesports.org\/ca\/wp-json\/wp\/v2\/categories?post=3693"},{"taxonomy":"post_tag","embeddable":true,"href":"https:\/\/altmaesports.org\/ca\/wp-json\/wp\/v2\/tags?post=3693"}],"curies":[{"name":"wp","href":"https:\/\/api.w.org\/{rel}","templated":true}]}}