{"id":3678,"date":"2024-12-16T14:24:30","date_gmt":"2024-12-16T14:24:30","guid":{"rendered":"https:\/\/reverent-galileo.82-223-107-92.plesk.page\/altmaesports-informa-en-la-fira-de-morella-2\/"},"modified":"2024-12-16T14:26:18","modified_gmt":"2024-12-16T14:26:18","slug":"altmaesports-informa-en-la-fira-de-morella-2","status":"publish","type":"post","link":"https:\/\/altmaesports.org\/ca\/altmaesports-informa-en-la-fira-de-morella-2\/","title":{"rendered":"Altmaesports informa en la Fira de Morella"},"content":{"rendered":"\n<p>El Grup d\u2019Acci\u00f3 Local Altmaesports ha estat present en la Fira de Morella informant a agricultors, ramaders i emprenedors de la comarca dels Ports i l\u2019Alt Maestrat. <\/p>\n\n\n\n<p>El president del Grup d\u2019Acci\u00f3 Local, David Vicente Segarra i el gerent de l\u2019entitat, Jos\u00e9 Antonio Cruz han estat presents en la Fira. Aix\u00ed mateix, en el mostrador informatiu de l\u2019Ajuntament de Morella un panell ha explicat als assistents el treball dinamitzador del grup d\u2019acci\u00f3 local. Aix\u00ed mateix s\u2019han repartit fullets informatius sobre les l\u00ednies d\u2019ajuda. <\/p>\n\n\n\n<p>La consellera d\u2019Agricultura i Medi ambient, Elena Cebri\u00e1n i el director territorial, Toni Garc\u00eda, tamb\u00e9 s\u2019han interessat per la labor que s\u2019est\u00e0 duent a terme des del grup d\u2019acci\u00f3 local. <\/p>\n\n\n\n<p><em>-Inter\u00e8s empresarial <\/em><\/p>\n\n\n\n<p>La consellera i el director general han conegut de primera m\u00e0 l\u2019excel\u2022lent acolliment que han tingut les ajudes Leader als Ports i el Maestrat. En un territori que amb prou faenes t\u00e9 10.000 habitants s\u2019han presentat entorn de 50 projectes d\u2019inversi\u00f3.<\/p>\n","protected":false},"excerpt":{"rendered":"<p>El Grup d\u2019Acci\u00f3 Local Altmaesports ha estat present en la [&hellip;]<\/p>\n","protected":false},"author":1,"featured_media":3043,"comment_status":"open","ping_status":"open","sticky":false,"template":"","format":"standard","meta":{"footnotes":""},"categories":[11],"tags":[],"class_list":["post-3678","post","type-post","status-publish","format-standard","has-post-thumbnail","hentry","category-sin-categorizar"],"_links":{"self":[{"href":"https:\/\/altmaesports.org\/ca\/wp-json\/wp\/v2\/posts\/3678","targetHints":{"allow":["GET"]}}],"collection":[{"href":"https:\/\/altmaesports.org\/ca\/wp-json\/wp\/v2\/posts"}],"about":[{"href":"https:\/\/altmaesports.org\/ca\/wp-json\/wp\/v2\/types\/post"}],"author":[{"embeddable":true,"href":"https:\/\/altmaesports.org\/ca\/wp-json\/wp\/v2\/users\/1"}],"replies":[{"embeddable":true,"href":"https:\/\/altmaesports.org\/ca\/wp-json\/wp\/v2\/comments?post=3678"}],"version-history":[{"count":1,"href":"https:\/\/altmaesports.org\/ca\/wp-json\/wp\/v2\/posts\/3678\/revisions"}],"predecessor-version":[{"id":3680,"href":"https:\/\/altmaesports.org\/ca\/wp-json\/wp\/v2\/posts\/3678\/revisions\/3680"}],"wp:featuredmedia":[{"embeddable":true,"href":"https:\/\/altmaesports.org\/ca\/wp-json\/wp\/v2\/media\/3043"}],"wp:attachment":[{"href":"https:\/\/altmaesports.org\/ca\/wp-json\/wp\/v2\/media?parent=3678"}],"wp:term":[{"taxonomy":"category","embeddable":true,"href":"https:\/\/altmaesports.org\/ca\/wp-json\/wp\/v2\/categories?post=3678"},{"taxonomy":"post_tag","embeddable":true,"href":"https:\/\/altmaesports.org\/ca\/wp-json\/wp\/v2\/tags?post=3678"}],"curies":[{"name":"wp","href":"https:\/\/api.w.org\/{rel}","templated":true}]}}