{"id":3664,"date":"2024-12-16T14:24:33","date_gmt":"2024-12-16T14:24:33","guid":{"rendered":"https:\/\/reverent-galileo.82-223-107-92.plesk.page\/l1-dagost-taller-practic-sobre-tramitacio-dajudes-leader-a-albocasser\/"},"modified":"2024-12-16T14:26:19","modified_gmt":"2024-12-16T14:26:19","slug":"l1-dagost-taller-practic-sobre-tramitacio-dajudes-leader-a-albocasser","status":"publish","type":"post","link":"https:\/\/altmaesports.org\/ca\/l1-dagost-taller-practic-sobre-tramitacio-dajudes-leader-a-albocasser\/","title":{"rendered":"L&#8217;1 d&#8217;agost taller pr\u00e0ctic sobre tramitaci\u00f3 d&#8217;ajudes Leader a Alboc\u00e0sser"},"content":{"rendered":"\n<p>Alboc\u00e0sser ser\u00e0 la pr\u00f2xima seu d&#8217;un dels tallers pr\u00e0ctics sobre les ajudes Leader que est\u00e0 organitzant el grup d&#8217;acci\u00f3 local Altmaesports. El passat dia 26 ja es va celebrar una sessi\u00f3 a Cinctorres. La trobada d&#8217;Alboc\u00e0sser tindr\u00e0 lloc dimarts que ve dia 1 d&#8217;agost a les 19.30h en les oficines del CEDES de la localitat. A la xarrada estan convidats empresaris, representants municipals, aut\u00f2noms i tots els interessats a con\u00e8ixer com ha de ser la tramitaci\u00f3 dels programes d&#8217;ajudes Leader. En la mateixa s&#8217;informar\u00e0 sobre les mesures subvencionables per a tots aquells que estiguin interessats a posar en marxa iniciatives als pobles dels Ports i l&#8217;Alt Maestrat.<\/p>\n","protected":false},"excerpt":{"rendered":"<p>Alboc\u00e0sser ser\u00e0 la pr\u00f2xima seu d&#8217;un dels tallers pr\u00e0ctics sobre [&hellip;]<\/p>\n","protected":false},"author":1,"featured_media":3029,"comment_status":"open","ping_status":"open","sticky":false,"template":"","format":"standard","meta":{"footnotes":""},"categories":[11],"tags":[],"class_list":["post-3664","post","type-post","status-publish","format-standard","has-post-thumbnail","hentry","category-sin-categorizar"],"_links":{"self":[{"href":"https:\/\/altmaesports.org\/ca\/wp-json\/wp\/v2\/posts\/3664","targetHints":{"allow":["GET"]}}],"collection":[{"href":"https:\/\/altmaesports.org\/ca\/wp-json\/wp\/v2\/posts"}],"about":[{"href":"https:\/\/altmaesports.org\/ca\/wp-json\/wp\/v2\/types\/post"}],"author":[{"embeddable":true,"href":"https:\/\/altmaesports.org\/ca\/wp-json\/wp\/v2\/users\/1"}],"replies":[{"embeddable":true,"href":"https:\/\/altmaesports.org\/ca\/wp-json\/wp\/v2\/comments?post=3664"}],"version-history":[{"count":1,"href":"https:\/\/altmaesports.org\/ca\/wp-json\/wp\/v2\/posts\/3664\/revisions"}],"predecessor-version":[{"id":3666,"href":"https:\/\/altmaesports.org\/ca\/wp-json\/wp\/v2\/posts\/3664\/revisions\/3666"}],"wp:featuredmedia":[{"embeddable":true,"href":"https:\/\/altmaesports.org\/ca\/wp-json\/wp\/v2\/media\/3029"}],"wp:attachment":[{"href":"https:\/\/altmaesports.org\/ca\/wp-json\/wp\/v2\/media?parent=3664"}],"wp:term":[{"taxonomy":"category","embeddable":true,"href":"https:\/\/altmaesports.org\/ca\/wp-json\/wp\/v2\/categories?post=3664"},{"taxonomy":"post_tag","embeddable":true,"href":"https:\/\/altmaesports.org\/ca\/wp-json\/wp\/v2\/tags?post=3664"}],"curies":[{"name":"wp","href":"https:\/\/api.w.org\/{rel}","templated":true}]}}