{"id":3642,"date":"2024-12-16T14:24:33","date_gmt":"2024-12-16T14:24:33","guid":{"rendered":"https:\/\/reverent-galileo.82-223-107-92.plesk.page\/altmaesports-proposa-a-subvencio-29-projectes-leader\/"},"modified":"2024-12-16T14:26:22","modified_gmt":"2024-12-16T14:26:22","slug":"altmaesports-proposa-a-subvencio-29-projectes-leader","status":"publish","type":"post","link":"https:\/\/altmaesports.org\/ca\/altmaesports-proposa-a-subvencio-29-projectes-leader\/","title":{"rendered":"<strong>Altmaesports proposa a subvenci\u00f3 29 projectes Leader<\/strong>"},"content":{"rendered":"\n<p>El Grup d&#8217;Acci\u00f3 Local (GAL) Altmaesports Leader ha celebrat la seua \u00faltima comissi\u00f3 de valoraci\u00f3 i junta directiva de l&#8217;any. Entre els diversos temes tractats es ressalta que &#8220;s&#8217;ha proposat a Conselleria la subvenci\u00f3 de 29 expedients Leader de l&#8217;\u00faltima convocat\u00f2ria&#8221;.&nbsp;<\/p>\n\n\n\n<p>Amb aquests 29 expedients s&#8217;esgotaran els fons del GAL per a aquesta convocat\u00f2ria: 1.250.811 euros.<\/p>\n\n\n\n<p>Tamb\u00e9 recalquen el president i el gerent que demanaran a Conselleria entrar en una \u201cborsa de projectes\u201d per a poder atraure fons sobrants d&#8217;altres zones Leader.<\/p>\n\n\n\n<p>La subvenci\u00f3 de projectes empresarials, alguns d&#8217;ells singulars, a trav\u00e9s dels fons europeus Leader ajuda a dinamitzar el territori, a crear ocupaci\u00f3 i a afermar poblaci\u00f3.<\/p>\n","protected":false},"excerpt":{"rendered":"<p>El Grup d&#8217;Acci\u00f3 Local (GAL) Altmaesports Leader ha celebrat la [&hellip;]<\/p>\n","protected":false},"author":1,"featured_media":3007,"comment_status":"open","ping_status":"open","sticky":false,"template":"","format":"standard","meta":{"footnotes":""},"categories":[11],"tags":[],"class_list":["post-3642","post","type-post","status-publish","format-standard","has-post-thumbnail","hentry","category-sin-categorizar"],"_links":{"self":[{"href":"https:\/\/altmaesports.org\/ca\/wp-json\/wp\/v2\/posts\/3642","targetHints":{"allow":["GET"]}}],"collection":[{"href":"https:\/\/altmaesports.org\/ca\/wp-json\/wp\/v2\/posts"}],"about":[{"href":"https:\/\/altmaesports.org\/ca\/wp-json\/wp\/v2\/types\/post"}],"author":[{"embeddable":true,"href":"https:\/\/altmaesports.org\/ca\/wp-json\/wp\/v2\/users\/1"}],"replies":[{"embeddable":true,"href":"https:\/\/altmaesports.org\/ca\/wp-json\/wp\/v2\/comments?post=3642"}],"version-history":[{"count":1,"href":"https:\/\/altmaesports.org\/ca\/wp-json\/wp\/v2\/posts\/3642\/revisions"}],"predecessor-version":[{"id":3644,"href":"https:\/\/altmaesports.org\/ca\/wp-json\/wp\/v2\/posts\/3642\/revisions\/3644"}],"wp:featuredmedia":[{"embeddable":true,"href":"https:\/\/altmaesports.org\/ca\/wp-json\/wp\/v2\/media\/3007"}],"wp:attachment":[{"href":"https:\/\/altmaesports.org\/ca\/wp-json\/wp\/v2\/media?parent=3642"}],"wp:term":[{"taxonomy":"category","embeddable":true,"href":"https:\/\/altmaesports.org\/ca\/wp-json\/wp\/v2\/categories?post=3642"},{"taxonomy":"post_tag","embeddable":true,"href":"https:\/\/altmaesports.org\/ca\/wp-json\/wp\/v2\/tags?post=3642"}],"curies":[{"name":"wp","href":"https:\/\/api.w.org\/{rel}","templated":true}]}}